{"id":3902,"date":"2026-04-28T15:21:43","date_gmt":"2026-04-28T13:21:43","guid":{"rendered":"https:\/\/www.schnopfi.com\/?p=3902"},"modified":"2026-04-29T21:11:13","modified_gmt":"2026-04-29T19:11:13","slug":"herbstln-tuats-volksmusikabend-sa-19-sept-2026","status":"publish","type":"post","link":"https:\/\/www.schnopfi.com\/?p=3902","title":{"rendered":"Herbstln tuat\u2019s \u2013 Volksmusikabend Sa.,  19. Sept. 2026"},"content":{"rendered":"\n<p><strong><em><mark style=\"background-color:rgba(0, 0, 0, 0)\" class=\"has-inline-color has-dark-red-color\">Vorderwei\u00dfenbacher Klarinettenmusi<\/mark><\/em><\/strong><\/p>\n\n\n\n<p>Die Vorderwei\u00dfenbacher Klarinettenmusi pr\u00e4sentiert alpenl\u00e4ndische Volksmusik in einer lebendigen, traditionsverbundenen Klangform. Die sieben Musikerinnen und Musiker stammen gro\u00dfteils aus dem Umfeld des&nbsp;Musikvereins Vorderwei\u00dfenbach&nbsp;und vereinen ihre musikalische Erfahrung in einer Besetzung mit Klarinetten, Basstrompete, Steirischer Harmonika, Gitarre sowie Kontrabass zu einem stimmungsvollen, fein aufeinander abgestimmten Klangk\u00f6rper. Stilistisch orientiert sich das Ensemble an der Postwirtmusi \u2013 einem pr\u00e4genden Vertreter der alpenl\u00e4ndischen Volksmusik, der insbesondere die Klarinettenmusik durch neue klangliche Feinheit und lebendige Gestaltung in den vergangenen Jahren entscheidend bereichert hat.<\/p>\n\n\n\n<p>Mit un\u00fcbersehbarer Freude am gemeinsamen Musizieren bringt die Vorderwei\u00dfenbacher Klarinettenmusi ausgew\u00e4hlte St\u00fccke der Volksmusik auf die B\u00fchne.<\/p>\n\n\n\n<p><strong><em><mark style=\"background-color:rgba(0, 0, 0, 0)\" class=\"has-inline-color has-dark-red-color\">Bradlbrass<\/mark><\/em><\/strong><\/p>\n\n\n\n<p>Bradlbrass ist eine Tanzlmusi Formation aus dem oberen M\u00fchlviertel. Die 6 Musikanten bestechen mit Polka, Marsch und dem unverkennbaren, virtuosen Bradl Jazz und tragen dazu bei, dass unsere Veranstaltung auch heuer ein buntes musikalisches Erlebnis wird.<\/p>\n\n\n\n<p><strong><em><mark style=\"background-color:rgba(0, 0, 0, 0)\" class=\"has-inline-color has-dark-red-color\">Marcel Rauch<\/mark><\/em><\/strong><\/p>\n\n\n\n<p>Mit Herz und Schwung wird Marcel Rauch aus Bayern uns auf seiner Harmonika verzaubern. Das Ausnahmetalent war beim Harmonikatreffen in St. Veit ebenso dabei, wie bei den BR \u201eBrettlspitzen\u201c im ARD-Fernsehen.<\/p>\n\n\n\n<p><em>Durch den Abend f\u00fchrt in gekonnt charmanter Weise,&nbsp;<strong>Helmut Ausserw\u00f6ger<\/strong>.<\/em><\/p>\n\n\n\n<p><em><strong>Vorverkauf:<\/strong><\/em>&nbsp;25 Euro<br><em><strong>Abendkasse:&nbsp;<\/strong>28 Euro<\/em><\/p>\n\n\n\n<p>Rollstuhlpl\u00e4tze buchen Sie bitte beim Veranstalter unter&nbsp;<a target=\"_blank\" href=\"mailto:office@schnopfi.com\" rel=\"noreferrer noopener\">office@schnopfi.com<\/a>.<\/p>\n\n\n\n<p><strong><em>Einlass:<\/em>&nbsp;<\/strong>ab 19 Uhr &nbsp;<br><em><strong>Beginn:&nbsp;<\/strong><\/em>20 Uhr<br><br>Kartenreservierungen sind gerne m\u00f6glich unter&nbsp;<a href=\"https:\/\/www.schnopfi.com\/\" target=\"_blank\" rel=\"noreferrer noopener\"><strong>www.schnopfi.com<\/strong><\/a>&nbsp;und telefonisch unter Tel. 0664 13 63 415.<\/p>\n\n\n\n<p><\/p>\n","protected":false},"excerpt":{"rendered":"<p>Vorderwei\u00dfenbacher Klarinettenmusi Die Vorderwei\u00dfenbacher Klarinettenmusi pr\u00e4sentiert alpenl\u00e4ndische Volksmusik in einer lebendigen, traditionsverbundenen Klangform. Die sieben Musikerinnen und Musiker stammen gro\u00dfteils aus dem Umfeld des&nbsp;Musikvereins Vorderwei\u00dfenbach&nbsp;und vereinen ihre musikalische Erfahrung in einer Besetzung mit Klarinetten, Basstrompete, Steirischer Harmonika, Gitarre sowie Kontrabass zu einem stimmungsvollen, fein aufeinander abgestimmten Klangk\u00f6rper. Stilistisch orientiert sich das Ensemble an der Postwirtmusi &hellip; <a href=\"https:\/\/www.schnopfi.com\/?p=3902\" class=\"more-link\"><span class=\"screen-reader-text\">\u201eHerbstln tuat\u2019s \u2013 Volksmusikabend Sa.,  19. Sept. 2026\u201c<\/span> weiterlesen<\/a><\/p>\n","protected":false},"author":2,"featured_media":3905,"comment_status":"closed","ping_status":"closed","sticky":false,"template":"","format":"standard","meta":{"footnotes":""},"categories":[66,1,8],"tags":[],"class_list":["post-3902","post","type-post","status-publish","format-standard","has-post-thumbnail","hentry","category-2026-programm","category-programm","category-reservierung"],"_links":{"self":[{"href":"https:\/\/www.schnopfi.com\/index.php?rest_route=\/wp\/v2\/posts\/3902","targetHints":{"allow":["GET"]}}],"collection":[{"href":"https:\/\/www.schnopfi.com\/index.php?rest_route=\/wp\/v2\/posts"}],"about":[{"href":"https:\/\/www.schnopfi.com\/index.php?rest_route=\/wp\/v2\/types\/post"}],"author":[{"embeddable":true,"href":"https:\/\/www.schnopfi.com\/index.php?rest_route=\/wp\/v2\/users\/2"}],"replies":[{"embeddable":true,"href":"https:\/\/www.schnopfi.com\/index.php?rest_route=%2Fwp%2Fv2%2Fcomments&post=3902"}],"version-history":[{"count":2,"href":"https:\/\/www.schnopfi.com\/index.php?rest_route=\/wp\/v2\/posts\/3902\/revisions"}],"predecessor-version":[{"id":3904,"href":"https:\/\/www.schnopfi.com\/index.php?rest_route=\/wp\/v2\/posts\/3902\/revisions\/3904"}],"wp:featuredmedia":[{"embeddable":true,"href":"https:\/\/www.schnopfi.com\/index.php?rest_route=\/wp\/v2\/media\/3905"}],"wp:attachment":[{"href":"https:\/\/www.schnopfi.com\/index.php?rest_route=%2Fwp%2Fv2%2Fmedia&parent=3902"}],"wp:term":[{"taxonomy":"category","embeddable":true,"href":"https:\/\/www.schnopfi.com\/index.php?rest_route=%2Fwp%2Fv2%2Fcategories&post=3902"},{"taxonomy":"post_tag","embeddable":true,"href":"https:\/\/www.schnopfi.com\/index.php?rest_route=%2Fwp%2Fv2%2Ftags&post=3902"}],"curies":[{"name":"wp","href":"https:\/\/api.w.org\/{rel}","templated":true}]}}